{"id":105324,"date":"2022-08-13T16:01:12","date_gmt":"2022-08-13T14:01:12","guid":{"rendered":"http:\/\/www.buero-moerath.de\/blog\/?p=105324"},"modified":"2022-08-26T18:06:11","modified_gmt":"2022-08-26T16:06:11","slug":"die-beerdigungsfeier","status":"publish","type":"post","link":"https:\/\/www.buero-moerath.de\/blog\/2022\/08\/13\/die-beerdigungsfeier\/","title":{"rendered":"Die Beerdigungsfeier"},"content":{"rendered":"<p>Es war eine gro\u00dfe Herausforderung f\u00fcr mich, die mehrt\u00e4gige Beerdigungszeremonie zu dokumentieren. Schon die 10 Tage davor waren voll gepackt: Alle Frauen sa\u00dfen stundenlang in einer Runde und bereiteten Tonnen von Essen f\u00fcr die Trauerg\u00e4ste vor. Immer mehr Besuch von ausw\u00e4rts kam an, und es wurden immer mehr Helfer:innen. Alle gr\u00f6\u00dferen R\u00e4ume f\u00fcllten sich mit Getr\u00e4nken, Essen, Geschirr und St\u00fchlen \u2013 die auch beschriftet wurden. Die Xylophone wurden repariert, ebenso br\u00f6ckliges Mauerwerk und der staubige Boden im Hof. Es wurden Latrinen gebaut, das Feld vor dem Geh\u00f6ft geebnet. Schon in Accra musste Cynthia mit dem Hausangestellten die Geschenke vorbereiten.<\/p>\n<p style=\"text-align: left;\">Niemand hatte Zeit. Alle waren besch\u00e4ftigt.<\/p>\n<p>&nbsp;<\/p>\n<figure id=\"attachment_105282\" aria-describedby=\"caption-attachment-105282\" style=\"width: 595px\" class=\"wp-caption aligncenter\"><img decoding=\"async\" class=\" wp-image-105282\" src=\"https:\/\/www.buero-moerath.de\/blog\/wp-content\/uploads\/2022\/08\/BlogPigrGel-800x600.jpg\" alt=\"Das Bild ist von 1989. Als kleine Gaben f\u00fcr die G\u00e4ste gibt es Handgel ... Coronakonform.\" width=\"595\" height=\"446\" srcset=\"https:\/\/www.buero-moerath.de\/blog\/wp-content\/uploads\/2022\/08\/BlogPigrGel-800x600.jpg 800w, https:\/\/www.buero-moerath.de\/blog\/wp-content\/uploads\/2022\/08\/BlogPigrGel-1024x768.jpg 1024w, https:\/\/www.buero-moerath.de\/blog\/wp-content\/uploads\/2022\/08\/BlogPigrGel-768x576.jpg 768w, https:\/\/www.buero-moerath.de\/blog\/wp-content\/uploads\/2022\/08\/BlogPigrGel.jpg 1276w\" sizes=\"(max-width: 595px) 100vw, 595px\" \/><figcaption id=\"caption-attachment-105282\" class=\"wp-caption-text\">Das Bild ist von 1989. Als kleine Gaben f\u00fcr die G\u00e4ste gibt es Handgel &#8230;<\/figcaption><\/figure>\n<p>&nbsp;<\/p>\n<figure id=\"attachment_105260\" aria-describedby=\"caption-attachment-105260\" style=\"width: 595px\" class=\"wp-caption aligncenter\"><img decoding=\"async\" class=\" wp-image-105260\" src=\"https:\/\/www.buero-moerath.de\/blog\/wp-content\/uploads\/2022\/08\/BlogFuneral-800x600.jpg\" alt=\"Das Gel wird dann noch in ein schmuckes S\u00e4ckchen in direkter Nachbarschaft zu einer Maske gelegt.\" width=\"595\" height=\"446\" srcset=\"https:\/\/www.buero-moerath.de\/blog\/wp-content\/uploads\/2022\/08\/BlogFuneral-800x600.jpg 800w, https:\/\/www.buero-moerath.de\/blog\/wp-content\/uploads\/2022\/08\/BlogFuneral-1024x768.jpg 1024w, https:\/\/www.buero-moerath.de\/blog\/wp-content\/uploads\/2022\/08\/BlogFuneral-768x576.jpg 768w, https:\/\/www.buero-moerath.de\/blog\/wp-content\/uploads\/2022\/08\/BlogFuneral-1536x1152.jpg 1536w, https:\/\/www.buero-moerath.de\/blog\/wp-content\/uploads\/2022\/08\/BlogFuneral-2048x1536.jpg 2048w, https:\/\/www.buero-moerath.de\/blog\/wp-content\/uploads\/2022\/08\/BlogFuneral.jpg 2126w\" sizes=\"(max-width: 595px) 100vw, 595px\" \/><figcaption id=\"caption-attachment-105260\" class=\"wp-caption-text\">Das Gel wird in ein schmuckes S\u00e4ckchen direkt neben eine OP-Maske gelegt.<\/figcaption><\/figure>\n<p>&nbsp;<\/p>\n<figure id=\"attachment_105252\" aria-describedby=\"caption-attachment-105252\" style=\"width: 595px\" class=\"wp-caption aligncenter\"><img decoding=\"async\" class=\" wp-image-105252\" src=\"https:\/\/www.buero-moerath.de\/blog\/wp-content\/uploads\/2022\/08\/BlogA4Tu\u0308tenPigr-800x600.jpg\" alt=\"In diese festlichen T\u00fcten werden dann das Handgel, Taschent\u00fccher und Masken \u00fcberreicht.\" width=\"595\" height=\"446\" srcset=\"https:\/\/www.buero-moerath.de\/blog\/wp-content\/uploads\/2022\/08\/BlogA4Tu\u0308tenPigr-800x600.jpg 800w, https:\/\/www.buero-moerath.de\/blog\/wp-content\/uploads\/2022\/08\/BlogA4Tu\u0308tenPigr-1024x768.jpg 1024w, https:\/\/www.buero-moerath.de\/blog\/wp-content\/uploads\/2022\/08\/BlogA4Tu\u0308tenPigr-768x576.jpg 768w, https:\/\/www.buero-moerath.de\/blog\/wp-content\/uploads\/2022\/08\/BlogA4Tu\u0308tenPigr.jpg 1276w\" sizes=\"(max-width: 595px) 100vw, 595px\" \/><figcaption id=\"caption-attachment-105252\" class=\"wp-caption-text\">In diesen festlichen T\u00fcten werden dann Gel, Taschent\u00fccher und OP-Masken \u00fcberreicht.<\/figcaption><\/figure>\n<p>&nbsp;<\/p>\n<figure id=\"attachment_105318\" aria-describedby=\"caption-attachment-105318\" style=\"width: 600px\" class=\"wp-caption aligncenter\"><img decoding=\"async\" class=\" wp-image-105318\" src=\"https:\/\/www.buero-moerath.de\/blog\/wp-content\/uploads\/2022\/08\/Blog13x18FuneralGetra\u0308nkeKisten-800x535.jpg\" alt=\"Genug Getr\u00e4nke f\u00fcr die G\u00e4ste\" width=\"600\" height=\"401\" srcset=\"https:\/\/www.buero-moerath.de\/blog\/wp-content\/uploads\/2022\/08\/Blog13x18FuneralGetra\u0308nkeKisten-800x535.jpg 800w, https:\/\/www.buero-moerath.de\/blog\/wp-content\/uploads\/2022\/08\/Blog13x18FuneralGetra\u0308nkeKisten-1024x685.jpg 1024w, https:\/\/www.buero-moerath.de\/blog\/wp-content\/uploads\/2022\/08\/Blog13x18FuneralGetra\u0308nkeKisten-768x514.jpg 768w, https:\/\/www.buero-moerath.de\/blog\/wp-content\/uploads\/2022\/08\/Blog13x18FuneralGetra\u0308nkeKisten-1536x1027.jpg 1536w, https:\/\/www.buero-moerath.de\/blog\/wp-content\/uploads\/2022\/08\/Blog13x18FuneralGetra\u0308nkeKisten-2048x1370.jpg 2048w, https:\/\/www.buero-moerath.de\/blog\/wp-content\/uploads\/2022\/08\/Blog13x18FuneralGetra\u0308nkeKisten.jpg 2126w\" sizes=\"(max-width: 600px) 100vw, 600px\" \/><figcaption id=\"caption-attachment-105318\" class=\"wp-caption-text\">Die vielen Getr\u00e4nke f\u00fcr die G\u00e4ste werden noch geliefert.<\/figcaption><\/figure>\n<p>&nbsp;<\/p>\n<figure id=\"attachment_105288\" aria-describedby=\"caption-attachment-105288\" style=\"width: 595px\" class=\"wp-caption aligncenter\"><img decoding=\"async\" class=\" wp-image-105288\" src=\"https:\/\/www.buero-moerath.de\/blog\/wp-content\/uploads\/2022\/08\/BlogStoreroom-800x577.jpg\" alt=\"Der Rohbau des neuen Hauses dient als Abstellraum f\u00fcr die vielen Vorr\u00e4te\" width=\"595\" height=\"429\" srcset=\"https:\/\/www.buero-moerath.de\/blog\/wp-content\/uploads\/2022\/08\/BlogStoreroom-800x577.jpg 800w, https:\/\/www.buero-moerath.de\/blog\/wp-content\/uploads\/2022\/08\/BlogStoreroom-1024x739.jpg 1024w, https:\/\/www.buero-moerath.de\/blog\/wp-content\/uploads\/2022\/08\/BlogStoreroom-768x554.jpg 768w, https:\/\/www.buero-moerath.de\/blog\/wp-content\/uploads\/2022\/08\/BlogStoreroom.jpg 1276w\" sizes=\"(max-width: 595px) 100vw, 595px\" \/><figcaption id=\"caption-attachment-105288\" class=\"wp-caption-text\">Der Rohbau des neuen Hauses dient als Abstellraum f\u00fcr die alle Vorr\u00e4te.<\/figcaption><\/figure>\n<p>&nbsp;<\/p>\n<figure id=\"attachment_105286\" aria-describedby=\"caption-attachment-105286\" style=\"width: 595px\" class=\"wp-caption aligncenter\"><img decoding=\"async\" class=\" wp-image-105286\" src=\"https:\/\/www.buero-moerath.de\/blog\/wp-content\/uploads\/2022\/08\/BlogSchwTopf2-800x600.jpg\" alt=\"Der Tonkrug geh\u00f6rte einst Pigr. Er wird sp\u00e4ter zu ihrem Leichnam gestellt.\" width=\"595\" height=\"446\" srcset=\"https:\/\/www.buero-moerath.de\/blog\/wp-content\/uploads\/2022\/08\/BlogSchwTopf2-800x600.jpg 800w, https:\/\/www.buero-moerath.de\/blog\/wp-content\/uploads\/2022\/08\/BlogSchwTopf2-1024x768.jpg 1024w, https:\/\/www.buero-moerath.de\/blog\/wp-content\/uploads\/2022\/08\/BlogSchwTopf2-768x576.jpg 768w, https:\/\/www.buero-moerath.de\/blog\/wp-content\/uploads\/2022\/08\/BlogSchwTopf2.jpg 1276w\" sizes=\"(max-width: 595px) 100vw, 595px\" \/><figcaption id=\"caption-attachment-105286\" class=\"wp-caption-text\">Der Tonkrug geh\u00f6rte einst Pigr. Er wird sp\u00e4ter zu ihrem Leichnam gestellt.<\/figcaption><\/figure>\n<p>&nbsp;<\/p>\n<figure id=\"attachment_105292\" aria-describedby=\"caption-attachment-105292\" style=\"width: 595px\" class=\"wp-caption aligncenter\"><img decoding=\"async\" class=\" wp-image-105292\" src=\"https:\/\/www.buero-moerath.de\/blog\/wp-content\/uploads\/2022\/08\/BlogVieleZwiebeln-800x600.jpg\" alt=\"Es mussten ungez\u00e4hlte Kilogramms an Zwiebeln gesch\u00e4lt und geschnitten werden.\" width=\"595\" height=\"446\" srcset=\"https:\/\/www.buero-moerath.de\/blog\/wp-content\/uploads\/2022\/08\/BlogVieleZwiebeln-800x600.jpg 800w, https:\/\/www.buero-moerath.de\/blog\/wp-content\/uploads\/2022\/08\/BlogVieleZwiebeln-1024x768.jpg 1024w, https:\/\/www.buero-moerath.de\/blog\/wp-content\/uploads\/2022\/08\/BlogVieleZwiebeln-768x576.jpg 768w, https:\/\/www.buero-moerath.de\/blog\/wp-content\/uploads\/2022\/08\/BlogVieleZwiebeln.jpg 1276w\" sizes=\"(max-width: 595px) 100vw, 595px\" \/><figcaption id=\"caption-attachment-105292\" class=\"wp-caption-text\">Es mussten unz\u00e4hlige Kilogramms an Zwiebeln gesch\u00e4lt und geschnitten werden.<\/figcaption><\/figure>\n<p>&nbsp;<\/p>\n<figure id=\"attachment_105330\" aria-describedby=\"caption-attachment-105330\" style=\"width: 592px\" class=\"wp-caption aligncenter\"><img decoding=\"async\" class=\" wp-image-105330\" src=\"https:\/\/www.buero-moerath.de\/blog\/wp-content\/uploads\/2022\/08\/CynthiaRuthTomaten-800x600.jpg\" alt=\"\" width=\"592\" height=\"444\" srcset=\"https:\/\/www.buero-moerath.de\/blog\/wp-content\/uploads\/2022\/08\/CynthiaRuthTomaten-800x600.jpg 800w, https:\/\/www.buero-moerath.de\/blog\/wp-content\/uploads\/2022\/08\/CynthiaRuthTomaten-1024x768.jpg 1024w, https:\/\/www.buero-moerath.de\/blog\/wp-content\/uploads\/2022\/08\/CynthiaRuthTomaten-768x576.jpg 768w, https:\/\/www.buero-moerath.de\/blog\/wp-content\/uploads\/2022\/08\/CynthiaRuthTomaten-1536x1152.jpg 1536w, https:\/\/www.buero-moerath.de\/blog\/wp-content\/uploads\/2022\/08\/CynthiaRuthTomaten-2048x1536.jpg 2048w, https:\/\/www.buero-moerath.de\/blog\/wp-content\/uploads\/2022\/08\/CynthiaRuthTomaten-scaled.jpg 2560w\" sizes=\"(max-width: 592px) 100vw, 592px\" \/><figcaption id=\"caption-attachment-105330\" class=\"wp-caption-text\">Cynthia und Ruth k\u00fcmmern sich um die Tomaten f\u00fcr die unterschiedlichen Saucen.<\/figcaption><\/figure>\n<p>&nbsp;<\/p>\n<figure id=\"attachment_105246\" aria-describedby=\"caption-attachment-105246\" style=\"width: 594px\" class=\"wp-caption aligncenter\"><img decoding=\"async\" class=\" wp-image-105246\" src=\"https:\/\/www.buero-moerath.de\/blog\/wp-content\/uploads\/2022\/08\/Blog13x18TassenbeschriftenBEA1-800x586.jpg\" alt=\"Plastikbecher werden alle mit dem Namen Kuuyuor beschriftet, nachdem sie einmal gewaschen wurden.\" width=\"594\" height=\"435\" srcset=\"https:\/\/www.buero-moerath.de\/blog\/wp-content\/uploads\/2022\/08\/Blog13x18TassenbeschriftenBEA1-800x586.jpg 800w, https:\/\/www.buero-moerath.de\/blog\/wp-content\/uploads\/2022\/08\/Blog13x18TassenbeschriftenBEA1-1024x750.jpg 1024w, https:\/\/www.buero-moerath.de\/blog\/wp-content\/uploads\/2022\/08\/Blog13x18TassenbeschriftenBEA1-768x563.jpg 768w, https:\/\/www.buero-moerath.de\/blog\/wp-content\/uploads\/2022\/08\/Blog13x18TassenbeschriftenBEA1.jpg 1276w\" sizes=\"(max-width: 594px) 100vw, 594px\" \/><figcaption id=\"caption-attachment-105246\" class=\"wp-caption-text\">Die Jugendlichen mussten die Plastikbecher waschen und beschriften.<\/figcaption><\/figure>\n<p>&nbsp;<\/p>\n<figure id=\"attachment_105262\" aria-describedby=\"caption-attachment-105262\" style=\"width: 595px\" class=\"wp-caption aligncenter\"><img decoding=\"async\" class=\" wp-image-105262\" src=\"https:\/\/www.buero-moerath.de\/blog\/wp-content\/uploads\/2022\/08\/BlogFuneralFischsa\u0308ubern-800x600.jpg\" alt=\"Irene, Titus Frau, hat tats\u00e4chlich in fetten K\u00fchlboxen viel gefrorenen Fisch mitgebracht aus Accra. Nun m\u00fcssen die Fische ges\u00e4ubert und ausgenommen werden. Eine irre Arbeit.\" width=\"595\" height=\"446\" srcset=\"https:\/\/www.buero-moerath.de\/blog\/wp-content\/uploads\/2022\/08\/BlogFuneralFischsa\u0308ubern-800x600.jpg 800w, https:\/\/www.buero-moerath.de\/blog\/wp-content\/uploads\/2022\/08\/BlogFuneralFischsa\u0308ubern-1024x768.jpg 1024w, https:\/\/www.buero-moerath.de\/blog\/wp-content\/uploads\/2022\/08\/BlogFuneralFischsa\u0308ubern-768x576.jpg 768w, https:\/\/www.buero-moerath.de\/blog\/wp-content\/uploads\/2022\/08\/BlogFuneralFischsa\u0308ubern.jpg 1276w\" sizes=\"(max-width: 595px) 100vw, 595px\" \/><figcaption id=\"caption-attachment-105262\" class=\"wp-caption-text\">Irene, Titus Frau, hat in fetten K\u00fchlboxen gefrorenen Fisch mitgebracht aus Accra. Nun m\u00fcssen die Fische ges\u00e4ubert und ausgenommen werden. Eine irre Arbeit.<\/figcaption><\/figure>\n<p>&nbsp;<\/p>\n<figure id=\"attachment_105264\" aria-describedby=\"caption-attachment-105264\" style=\"width: 595px\" class=\"wp-caption aligncenter\"><img decoding=\"async\" class=\" wp-image-105264\" src=\"https:\/\/www.buero-moerath.de\/blog\/wp-content\/uploads\/2022\/08\/BlogFuneralGrab4-800x600.jpg\" alt=\"Alexis, einer von vielen Enkeln, die Pigr hatte, erneuert das Grab, wo vorher nur Kuuyuour zur Ruhe gelegt wurde. Seine Gebeine werden derzeit sicher irgendwo hier im Geh\u00f6ft verwahrt, bis er zusammen mit Pigr wieder bestattet wird.\" width=\"595\" height=\"446\" srcset=\"https:\/\/www.buero-moerath.de\/blog\/wp-content\/uploads\/2022\/08\/BlogFuneralGrab4-800x600.jpg 800w, https:\/\/www.buero-moerath.de\/blog\/wp-content\/uploads\/2022\/08\/BlogFuneralGrab4-1024x768.jpg 1024w, https:\/\/www.buero-moerath.de\/blog\/wp-content\/uploads\/2022\/08\/BlogFuneralGrab4-768x576.jpg 768w, https:\/\/www.buero-moerath.de\/blog\/wp-content\/uploads\/2022\/08\/BlogFuneralGrab4.jpg 1276w\" sizes=\"(max-width: 595px) 100vw, 595px\" \/><figcaption id=\"caption-attachment-105264\" class=\"wp-caption-text\">Alexis, einer von vielen Enkeln, die Pigr hatte, erneuert das Grab, wo 1999\u00a0 Kuuyuour bestattet wurde. Seine Gebeine werden derzeit sicher im Geh\u00f6ft verwahrt, bis er zusammen mit Pigr wieder beerdigt wird.<\/figcaption><\/figure>\n<p>&nbsp;<\/p>\n<figure id=\"attachment_105268\" aria-describedby=\"caption-attachment-105268\" style=\"width: 593px\" class=\"wp-caption aligncenter\"><img decoding=\"async\" class=\" wp-image-105268\" src=\"https:\/\/www.buero-moerath.de\/blog\/wp-content\/uploads\/2022\/08\/BlogFuneralWeisseWand-800x600.jpg\" alt=\"Die Wand wurde schon f\u00fcr die beiden Toten gewei\u00dft. Vorher wurde sie noch einmal repariert und der Boden erneuert.\" width=\"593\" height=\"445\" srcset=\"https:\/\/www.buero-moerath.de\/blog\/wp-content\/uploads\/2022\/08\/BlogFuneralWeisseWand-800x600.jpg 800w, https:\/\/www.buero-moerath.de\/blog\/wp-content\/uploads\/2022\/08\/BlogFuneralWeisseWand-1024x768.jpg 1024w, https:\/\/www.buero-moerath.de\/blog\/wp-content\/uploads\/2022\/08\/BlogFuneralWeisseWand-768x576.jpg 768w, https:\/\/www.buero-moerath.de\/blog\/wp-content\/uploads\/2022\/08\/BlogFuneralWeisseWand-1536x1152.jpg 1536w, https:\/\/www.buero-moerath.de\/blog\/wp-content\/uploads\/2022\/08\/BlogFuneralWeisseWand-2048x1536.jpg 2048w, https:\/\/www.buero-moerath.de\/blog\/wp-content\/uploads\/2022\/08\/BlogFuneralWeisseWand.jpg 2126w\" sizes=\"(max-width: 593px) 100vw, 593px\" \/><figcaption id=\"caption-attachment-105268\" class=\"wp-caption-text\">Die Wand wurde f\u00fcr die beiden Toten gewei\u00dft. Vorher wurde sie schon repariert und der Boden erneuert.<\/figcaption><\/figure>\n<p>&nbsp;<\/p>\n<p><img decoding=\"async\" class=\"wp-image-105290 aligncenter\" src=\"https:\/\/www.buero-moerath.de\/blog\/wp-content\/uploads\/2022\/08\/BlogTuchPigrFuneral-800x577.jpg\" alt=\"Das Tuch, in dem Pigr beerdigt wird, trocknet seit Tagen in der Sonne\" width=\"595\" height=\"429\" srcset=\"https:\/\/www.buero-moerath.de\/blog\/wp-content\/uploads\/2022\/08\/BlogTuchPigrFuneral-800x577.jpg 800w, https:\/\/www.buero-moerath.de\/blog\/wp-content\/uploads\/2022\/08\/BlogTuchPigrFuneral-1024x739.jpg 1024w, https:\/\/www.buero-moerath.de\/blog\/wp-content\/uploads\/2022\/08\/BlogTuchPigrFuneral-768x554.jpg 768w, https:\/\/www.buero-moerath.de\/blog\/wp-content\/uploads\/2022\/08\/BlogTuchPigrFuneral.jpg 1276w\" sizes=\"(max-width: 595px) 100vw, 595px\" \/><\/p>\n<p style=\"text-align: center;\">Das gro\u00dfe Leichentuch f\u00fcr Pigr ist gewaschen und trocknet seit zwei Tagen auf der Mauer.<\/p>\n<p>&nbsp;<\/p>\n<figure id=\"attachment_105276\" aria-describedby=\"caption-attachment-105276\" style=\"width: 595px\" class=\"wp-caption aligncenter\"><img decoding=\"async\" class=\" wp-image-105276\" src=\"https:\/\/www.buero-moerath.de\/blog\/wp-content\/uploads\/2022\/08\/BlogKuuimStrohhalme-800x600.jpg\" alt=\"Kuuim bereitet sich vor, um die Matte f\u00fcr die Tote Pigr zu kn\u00fcfen.\" width=\"595\" height=\"446\" srcset=\"https:\/\/www.buero-moerath.de\/blog\/wp-content\/uploads\/2022\/08\/BlogKuuimStrohhalme-800x600.jpg 800w, https:\/\/www.buero-moerath.de\/blog\/wp-content\/uploads\/2022\/08\/BlogKuuimStrohhalme-1024x768.jpg 1024w, https:\/\/www.buero-moerath.de\/blog\/wp-content\/uploads\/2022\/08\/BlogKuuimStrohhalme-768x576.jpg 768w, https:\/\/www.buero-moerath.de\/blog\/wp-content\/uploads\/2022\/08\/BlogKuuimStrohhalme.jpg 1276w\" sizes=\"(max-width: 595px) 100vw, 595px\" \/><figcaption id=\"caption-attachment-105276\" class=\"wp-caption-text\">Kuuim bereitet sich vor, um die Matte f\u00fcr die Tote Pigr zu kn\u00fcpfen. Sie ist Pigrs \u00e4lteste Tochter und schon lange Witwe. Sie kam deshalb zur\u00fcck zum Haus ihres Vaters. Sie hat Pigr gepflegt, als sie krank wurde. Ebenso wie Pigrs Enkelinen Cynthia und Judith.<\/figcaption><\/figure>\n<p>&nbsp;<\/p>\n<figure id=\"attachment_105328\" aria-describedby=\"caption-attachment-105328\" style=\"width: 595px\" class=\"wp-caption aligncenter\"><img decoding=\"async\" class=\" wp-image-105328\" src=\"https:\/\/www.buero-moerath.de\/blog\/wp-content\/uploads\/2022\/08\/EselskarrenKids-800x600.jpg\" alt=\"\" width=\"595\" height=\"446\" srcset=\"https:\/\/www.buero-moerath.de\/blog\/wp-content\/uploads\/2022\/08\/EselskarrenKids-800x600.jpg 800w, https:\/\/www.buero-moerath.de\/blog\/wp-content\/uploads\/2022\/08\/EselskarrenKids-1024x768.jpg 1024w, https:\/\/www.buero-moerath.de\/blog\/wp-content\/uploads\/2022\/08\/EselskarrenKids-768x576.jpg 768w, https:\/\/www.buero-moerath.de\/blog\/wp-content\/uploads\/2022\/08\/EselskarrenKids-1536x1152.jpg 1536w, https:\/\/www.buero-moerath.de\/blog\/wp-content\/uploads\/2022\/08\/EselskarrenKids-2048x1536.jpg 2048w, https:\/\/www.buero-moerath.de\/blog\/wp-content\/uploads\/2022\/08\/EselskarrenKids-scaled.jpg 2560w\" sizes=\"(max-width: 595px) 100vw, 595px\" \/><figcaption id=\"caption-attachment-105328\" class=\"wp-caption-text\">Es wird langsam Abend. Die Jungs gehen noch einmal mit dem Eselskarren los, um Erde f\u00fcr die Bodensanierung zu holen.<\/figcaption><\/figure>\n<p>&nbsp;<\/p>\n<figure id=\"attachment_105336\" aria-describedby=\"caption-attachment-105336\" style=\"width: 597px\" class=\"wp-caption aligncenter\"><img decoding=\"async\" class=\" wp-image-105336\" src=\"https:\/\/www.buero-moerath.de\/blog\/wp-content\/uploads\/2022\/08\/IMG_6893-800x600.jpg\" alt=\"\" width=\"597\" height=\"448\" srcset=\"https:\/\/www.buero-moerath.de\/blog\/wp-content\/uploads\/2022\/08\/IMG_6893-800x600.jpg 800w, https:\/\/www.buero-moerath.de\/blog\/wp-content\/uploads\/2022\/08\/IMG_6893-1024x768.jpg 1024w, https:\/\/www.buero-moerath.de\/blog\/wp-content\/uploads\/2022\/08\/IMG_6893-768x576.jpg 768w, https:\/\/www.buero-moerath.de\/blog\/wp-content\/uploads\/2022\/08\/IMG_6893-1536x1152.jpg 1536w, https:\/\/www.buero-moerath.de\/blog\/wp-content\/uploads\/2022\/08\/IMG_6893-2048x1536.jpg 2048w, https:\/\/www.buero-moerath.de\/blog\/wp-content\/uploads\/2022\/08\/IMG_6893-scaled.jpg 2560w\" sizes=\"(max-width: 597px) 100vw, 597px\" \/><figcaption id=\"caption-attachment-105336\" class=\"wp-caption-text\">Die Frauen sitzen bis sp\u00e4t in die Nacht und kochen vor.<\/figcaption><\/figure>\n<p>&nbsp;<\/p>\n<figure id=\"attachment_105270\" aria-describedby=\"caption-attachment-105270\" style=\"width: 445px\" class=\"wp-caption aligncenter\"><img decoding=\"async\" class=\" wp-image-105270\" src=\"https:\/\/www.buero-moerath.de\/blog\/wp-content\/uploads\/2022\/08\/BlogFuneSchuhePutz-600x800.jpg\" alt=\"Die Schuhe stehen schon geputzt bereit. Alle werden sich f\u00fcr die Feier von Pigr sch\u00f6n anziehen.\" width=\"445\" height=\"593\" srcset=\"https:\/\/www.buero-moerath.de\/blog\/wp-content\/uploads\/2022\/08\/BlogFuneSchuhePutz-600x800.jpg 600w, https:\/\/www.buero-moerath.de\/blog\/wp-content\/uploads\/2022\/08\/BlogFuneSchuhePutz-768x1024.jpg 768w, https:\/\/www.buero-moerath.de\/blog\/wp-content\/uploads\/2022\/08\/BlogFuneSchuhePutz.jpg 957w\" sizes=\"(max-width: 445px) 100vw, 445px\" \/><figcaption id=\"caption-attachment-105270\" class=\"wp-caption-text\">Am n\u00e4chsten Tag stehen die Schuhe\u00a0 blank geputzt bereit. Alle werden sich f\u00fcr die Feier von Pigr sch\u00f6n anziehen.<\/figcaption><\/figure>\n<p>&nbsp;<\/p>\n<figure id=\"attachment_105266\" aria-describedby=\"caption-attachment-105266\" style=\"width: 595px\" class=\"wp-caption aligncenter\"><img decoding=\"async\" class=\" wp-image-105266\" src=\"https:\/\/www.buero-moerath.de\/blog\/wp-content\/uploads\/2022\/08\/BlogFuneralRadiostation-800x577.jpg\" alt=\"Die Radiostation in Nadom, eine gr\u00f6\u00dfere Kreisstadt, ist umgezogen. Wir gehen hin, um die Ank\u00fcndigung der Beerdigung hinzu bringen.\" width=\"595\" height=\"429\" srcset=\"https:\/\/www.buero-moerath.de\/blog\/wp-content\/uploads\/2022\/08\/BlogFuneralRadiostation-800x577.jpg 800w, https:\/\/www.buero-moerath.de\/blog\/wp-content\/uploads\/2022\/08\/BlogFuneralRadiostation-1024x739.jpg 1024w, https:\/\/www.buero-moerath.de\/blog\/wp-content\/uploads\/2022\/08\/BlogFuneralRadiostation-768x554.jpg 768w, https:\/\/www.buero-moerath.de\/blog\/wp-content\/uploads\/2022\/08\/BlogFuneralRadiostation.jpg 1276w\" sizes=\"(max-width: 595px) 100vw, 595px\" \/><figcaption id=\"caption-attachment-105266\" class=\"wp-caption-text\">Die Radiostation in Nadom, eine gr\u00f6\u00dfere Kreisstadt, ist umgezogen. Wir gehen hin, um die Ank\u00fcndigung der Beerdigung hinzu bringen.<\/figcaption><\/figure>\n<p>&nbsp;<\/p>\n<figure id=\"attachment_105254\" aria-describedby=\"caption-attachment-105254\" style=\"width: 446px\" class=\"wp-caption aligncenter\"><img decoding=\"async\" class=\" wp-image-105254\" src=\"https:\/\/www.buero-moerath.de\/blog\/wp-content\/uploads\/2022\/08\/BlogAnnouncement-600x800.jpg\" alt=\"Die Beerdigung wird am Tag vor der Feier im regionalen Radio angek\u00fcndigt. F\u00fcnf Mal.\" width=\"446\" height=\"595\" srcset=\"https:\/\/www.buero-moerath.de\/blog\/wp-content\/uploads\/2022\/08\/BlogAnnouncement-600x800.jpg 600w, https:\/\/www.buero-moerath.de\/blog\/wp-content\/uploads\/2022\/08\/BlogAnnouncement-768x1024.jpg 768w, https:\/\/www.buero-moerath.de\/blog\/wp-content\/uploads\/2022\/08\/BlogAnnouncement.jpg 957w\" sizes=\"(max-width: 446px) 100vw, 446px\" \/><figcaption id=\"caption-attachment-105254\" class=\"wp-caption-text\">Die Beerdigung wird am Tag vor der Feier im regionalen Radio angek\u00fcndigt. F\u00fcnf Mal insgesamt. Es kostet nur wenige Euro.<\/figcaption><\/figure>\n<p>&nbsp;<\/p>\n<p><img decoding=\"async\" class=\"wp-image-105294 aligncenter\" src=\"https:\/\/www.buero-moerath.de\/blog\/wp-content\/uploads\/2022\/08\/BlogXyloPrepare-800x577.jpg\" alt=\"Die Xylophone stehen nun bereit. Sie werden fast drei Tage ohne Pause bespielt.\" width=\"595\" height=\"429\" srcset=\"https:\/\/www.buero-moerath.de\/blog\/wp-content\/uploads\/2022\/08\/BlogXyloPrepare-800x577.jpg 800w, https:\/\/www.buero-moerath.de\/blog\/wp-content\/uploads\/2022\/08\/BlogXyloPrepare-1024x739.jpg 1024w, https:\/\/www.buero-moerath.de\/blog\/wp-content\/uploads\/2022\/08\/BlogXyloPrepare-768x554.jpg 768w, https:\/\/www.buero-moerath.de\/blog\/wp-content\/uploads\/2022\/08\/BlogXyloPrepare.jpg 1276w\" sizes=\"(max-width: 595px) 100vw, 595px\" \/><\/p>\n<p style=\"text-align: center;\">Die Xylophone stehen nun bereit.<br \/>\nSie werden auf der Beerdigung fast drei Tage lang ohne Pause gespielt.<\/p>\n<p>&nbsp;<\/p>\n<figure id=\"attachment_105280\" aria-describedby=\"caption-attachment-105280\" style=\"width: 594px\" class=\"wp-caption aligncenter\"><img decoding=\"async\" class=\" wp-image-105280\" src=\"https:\/\/www.buero-moerath.de\/blog\/wp-content\/uploads\/2022\/08\/BlogNachtsHofBunt-800x600.jpg\" alt=\"Surreal wirkt die n\u00e4chtliche Szene kurz bevor Pigrs Leichnam ankommt.\" width=\"594\" height=\"446\" srcset=\"https:\/\/www.buero-moerath.de\/blog\/wp-content\/uploads\/2022\/08\/BlogNachtsHofBunt-800x600.jpg 800w, https:\/\/www.buero-moerath.de\/blog\/wp-content\/uploads\/2022\/08\/BlogNachtsHofBunt-1024x768.jpg 1024w, https:\/\/www.buero-moerath.de\/blog\/wp-content\/uploads\/2022\/08\/BlogNachtsHofBunt-768x576.jpg 768w, https:\/\/www.buero-moerath.de\/blog\/wp-content\/uploads\/2022\/08\/BlogNachtsHofBunt.jpg 1276w\" sizes=\"(max-width: 594px) 100vw, 594px\" \/><figcaption id=\"caption-attachment-105280\" class=\"wp-caption-text\">Surreal wirkt die n\u00e4chtliche Szene kurz bevor Pigrs Leichnam ankommt.<\/figcaption><\/figure>\n<p>&nbsp;<\/p>\n<figure id=\"attachment_105300\" aria-describedby=\"caption-attachment-105300\" style=\"width: 595px\" class=\"wp-caption aligncenter\"><img decoding=\"async\" class=\" wp-image-105300\" src=\"https:\/\/www.buero-moerath.de\/blog\/wp-content\/uploads\/2022\/08\/PigrAnkommenjpg-800x577.jpg\" alt=\"Der Leichnam von Pigr kommt erst am sp\u00e4ten Abend\" width=\"595\" height=\"429\" srcset=\"https:\/\/www.buero-moerath.de\/blog\/wp-content\/uploads\/2022\/08\/PigrAnkommenjpg-800x577.jpg 800w, https:\/\/www.buero-moerath.de\/blog\/wp-content\/uploads\/2022\/08\/PigrAnkommenjpg-1024x739.jpg 1024w, https:\/\/www.buero-moerath.de\/blog\/wp-content\/uploads\/2022\/08\/PigrAnkommenjpg-768x554.jpg 768w, https:\/\/www.buero-moerath.de\/blog\/wp-content\/uploads\/2022\/08\/PigrAnkommenjpg.jpg 1276w\" sizes=\"(max-width: 595px) 100vw, 595px\" \/><figcaption id=\"caption-attachment-105300\" class=\"wp-caption-text\">Der Leichnam von Pigr kommt erst am sp\u00e4ten Abend an<\/figcaption><\/figure>\n<p>&nbsp;<\/p>\n<p>Dann kommt der gro\u00dfe Moment, als die Leichname von Pigr und Titus Cousin Gaapagr im Geh\u00f6ft ankommen. Pognyang, Titus Schwester, ist bei ihrem Mann begraben worden. Pigr wird in einen Raum gebracht und auf den Boden gebettet. Alle Frauen gehen in die kleine H\u00fctte und betrachten schweigend die Tote. Pigr wird gewaschen, einbalsamiert und mit einem sch\u00f6nen Gewand angekleidet. Dasselbe findet f\u00fcr Gaapagr in dem Geh\u00f6ft seiner statt. Es ist schon sp\u00e4t nachts, als beide Tote im Hof aufgebahrt werden, im Schein von vielen Kerzen sind nur ihre Silhouetten zu erkennen. Beide sitzen auf St\u00fchlen. Dann beginnt das Trommel- und Xylophonspiel.<\/p>\n<p>&nbsp;<\/p>\n<figure id=\"attachment_105256\" aria-describedby=\"caption-attachment-105256\" style=\"width: 462px\" class=\"wp-caption aligncenter\"><img decoding=\"async\" class=\" wp-image-105256\" src=\"https:\/\/www.buero-moerath.de\/blog\/wp-content\/uploads\/2022\/08\/BlogFrauen2Hu\u0308tte-622x800.jpg\" alt=\"Die Frauen versammeln sich rund um die Tote und ehren sie still. Alle halten inne in einem Moment des gro\u00dfen Respekts.\" width=\"462\" height=\"595\" srcset=\"https:\/\/www.buero-moerath.de\/blog\/wp-content\/uploads\/2022\/08\/BlogFrauen2Hu\u0308tte-622x800.jpg 622w, https:\/\/www.buero-moerath.de\/blog\/wp-content\/uploads\/2022\/08\/BlogFrauen2Hu\u0308tte-796x1024.jpg 796w, https:\/\/www.buero-moerath.de\/blog\/wp-content\/uploads\/2022\/08\/BlogFrauen2Hu\u0308tte-768x988.jpg 768w, https:\/\/www.buero-moerath.de\/blog\/wp-content\/uploads\/2022\/08\/BlogFrauen2Hu\u0308tte.jpg 992w\" sizes=\"(max-width: 462px) 100vw, 462px\" \/><figcaption id=\"caption-attachment-105256\" class=\"wp-caption-text\">Die Frauen versammeln sich rund um die Tote und ehren sie still. Alle halten inne in einem Moment des gro\u00dfen Respekts.<\/figcaption><\/figure>\n<p>&nbsp;<\/p>\n<figure id=\"attachment_105274\" aria-describedby=\"caption-attachment-105274\" style=\"width: 455px\" class=\"wp-caption aligncenter\"><img decoding=\"async\" class=\" wp-image-105274\" src=\"https:\/\/www.buero-moerath.de\/blog\/wp-content\/uploads\/2022\/08\/BlogKleiderAussuchen-600x800.jpg\" alt=\"Vier, f\u00fcnf Frauen sorgen daf\u00fcr, dass Pigr sch\u00f6n angezogen wird. Hier zieht Kuuim aus einem gro\u00dfen Sack ein Oberteil. Es wird dann diskutiert, was am besten geeignet ist.\" width=\"455\" height=\"607\" srcset=\"https:\/\/www.buero-moerath.de\/blog\/wp-content\/uploads\/2022\/08\/BlogKleiderAussuchen-600x800.jpg 600w, https:\/\/www.buero-moerath.de\/blog\/wp-content\/uploads\/2022\/08\/BlogKleiderAussuchen-768x1024.jpg 768w, https:\/\/www.buero-moerath.de\/blog\/wp-content\/uploads\/2022\/08\/BlogKleiderAussuchen.jpg 957w\" sizes=\"(max-width: 455px) 100vw, 455px\" \/><figcaption id=\"caption-attachment-105274\" class=\"wp-caption-text\">Vier, f\u00fcnf Frauen sorgen daf\u00fcr, dass Pigr gewaschen und sch\u00f6n angezogen wird. Hier zieht Kuuim aus einem gro\u00dfen Sack ein Oberteil. In der Gruppe wird dann diskutiert, was am besten geeignet ist.<\/figcaption><\/figure>\n<p>&nbsp;<\/p>\n<figure id=\"attachment_105240\" aria-describedby=\"caption-attachment-105240\" style=\"width: 594px\" class=\"wp-caption aligncenter\"><img decoding=\"async\" class=\" wp-image-105240\" src=\"https:\/\/www.buero-moerath.de\/blog\/wp-content\/uploads\/2022\/08\/Blog-800x547.jpg\" alt=\"Die schon angereisten G\u00e4ste versammeln sich schon um zu trauern\" width=\"594\" height=\"406\" srcset=\"https:\/\/www.buero-moerath.de\/blog\/wp-content\/uploads\/2022\/08\/Blog-800x547.jpg 800w, https:\/\/www.buero-moerath.de\/blog\/wp-content\/uploads\/2022\/08\/Blog-1024x701.jpg 1024w, https:\/\/www.buero-moerath.de\/blog\/wp-content\/uploads\/2022\/08\/Blog-768x526.jpg 768w, https:\/\/www.buero-moerath.de\/blog\/wp-content\/uploads\/2022\/08\/Blog.jpg 1346w\" sizes=\"(max-width: 594px) 100vw, 594px\" \/><figcaption id=\"caption-attachment-105240\" class=\"wp-caption-text\">Alle G\u00e4ste und Familienmitglieder versammeln sich, um ein erstes Mal zu trauern.<\/figcaption><\/figure>\n<p>&nbsp;<\/p>\n<figure id=\"attachment_105334\" aria-describedby=\"caption-attachment-105334\" style=\"width: 595px\" class=\"wp-caption aligncenter\"><img decoding=\"async\" class=\" wp-image-105334\" src=\"https:\/\/www.buero-moerath.de\/blog\/wp-content\/uploads\/2022\/08\/IMG_7028-800x600.jpg\" alt=\"\" width=\"595\" height=\"446\" srcset=\"https:\/\/www.buero-moerath.de\/blog\/wp-content\/uploads\/2022\/08\/IMG_7028-800x600.jpg 800w, https:\/\/www.buero-moerath.de\/blog\/wp-content\/uploads\/2022\/08\/IMG_7028-1024x768.jpg 1024w, https:\/\/www.buero-moerath.de\/blog\/wp-content\/uploads\/2022\/08\/IMG_7028-768x576.jpg 768w, https:\/\/www.buero-moerath.de\/blog\/wp-content\/uploads\/2022\/08\/IMG_7028-1536x1152.jpg 1536w, https:\/\/www.buero-moerath.de\/blog\/wp-content\/uploads\/2022\/08\/IMG_7028-2048x1536.jpg 2048w, https:\/\/www.buero-moerath.de\/blog\/wp-content\/uploads\/2022\/08\/IMG_7028-scaled.jpg 2560w\" sizes=\"(max-width: 595px) 100vw, 595px\" \/><figcaption id=\"caption-attachment-105334\" class=\"wp-caption-text\">Pigr und Gaapagr werden dann im Hof aufgebahrt.<\/figcaption><\/figure>\n<p>&nbsp;<\/p>\n<figure id=\"attachment_105320\" aria-describedby=\"caption-attachment-105320\" style=\"width: 595px\" class=\"wp-caption aligncenter\"><img decoding=\"async\" class=\" wp-image-105320\" src=\"https:\/\/www.buero-moerath.de\/blog\/wp-content\/uploads\/2022\/08\/BlogA4ToteNAchtsDraussen2-800x577.jpg\" alt=\"Nachdem Pigr und Gaapagr angekleidet und vorbereitet wurden, werden sie im Hof hingesetzt. Das Trauern beginnt sp\u00e4t nachts\" width=\"595\" height=\"429\" srcset=\"https:\/\/www.buero-moerath.de\/blog\/wp-content\/uploads\/2022\/08\/BlogA4ToteNAchtsDraussen2-800x577.jpg 800w, https:\/\/www.buero-moerath.de\/blog\/wp-content\/uploads\/2022\/08\/BlogA4ToteNAchtsDraussen2-1024x739.jpg 1024w, https:\/\/www.buero-moerath.de\/blog\/wp-content\/uploads\/2022\/08\/BlogA4ToteNAchtsDraussen2-768x554.jpg 768w, https:\/\/www.buero-moerath.de\/blog\/wp-content\/uploads\/2022\/08\/BlogA4ToteNAchtsDraussen2.jpg 1276w\" sizes=\"(max-width: 595px) 100vw, 595px\" \/><figcaption id=\"caption-attachment-105320\" class=\"wp-caption-text\">Die Frauen treten zuerst zu den Toten.<\/figcaption><\/figure>\n<p>&nbsp;<\/p>\n<figure id=\"attachment_105332\" aria-describedby=\"caption-attachment-105332\" style=\"width: 595px\" class=\"wp-caption aligncenter\"><img decoding=\"async\" class=\"wp-image-105332\" src=\"https:\/\/www.buero-moerath.de\/blog\/wp-content\/uploads\/2022\/08\/IMG_7023-800x600.jpg\" alt=\"\" width=\"595\" height=\"446\" srcset=\"https:\/\/www.buero-moerath.de\/blog\/wp-content\/uploads\/2022\/08\/IMG_7023-800x600.jpg 800w, https:\/\/www.buero-moerath.de\/blog\/wp-content\/uploads\/2022\/08\/IMG_7023-1024x768.jpg 1024w, https:\/\/www.buero-moerath.de\/blog\/wp-content\/uploads\/2022\/08\/IMG_7023-768x576.jpg 768w, https:\/\/www.buero-moerath.de\/blog\/wp-content\/uploads\/2022\/08\/IMG_7023-1536x1152.jpg 1536w, https:\/\/www.buero-moerath.de\/blog\/wp-content\/uploads\/2022\/08\/IMG_7023-2048x1536.jpg 2048w, https:\/\/www.buero-moerath.de\/blog\/wp-content\/uploads\/2022\/08\/IMG_7023-scaled.jpg 2560w\" sizes=\"(max-width: 595px) 100vw, 595px\" \/><figcaption id=\"caption-attachment-105332\" class=\"wp-caption-text\">Hier z\u00fcnden alle Enkel und Enkelinnen je eine Kerze f\u00fcr Pigr an.<\/figcaption><\/figure>\n<p>&nbsp;<\/p>\n<figure id=\"attachment_105272\" aria-describedby=\"caption-attachment-105272\" style=\"width: 429px\" class=\"wp-caption aligncenter\"><img decoding=\"async\" class=\" wp-image-105272\" src=\"https:\/\/www.buero-moerath.de\/blog\/wp-content\/uploads\/2022\/08\/Blogga\u0308steFlur-577x800.jpg\" alt=\"Viele G\u00e4ste \u00fcbernachten nun im Geh\u00f6ft. Ich sch\u00e4tze, es waren um die 50 Menschen, die hier geschlafen haben in der ersten Nacht.\" width=\"429\" height=\"595\" srcset=\"https:\/\/www.buero-moerath.de\/blog\/wp-content\/uploads\/2022\/08\/Blogga\u0308steFlur-577x800.jpg 577w, https:\/\/www.buero-moerath.de\/blog\/wp-content\/uploads\/2022\/08\/Blogga\u0308steFlur-739x1024.jpg 739w, https:\/\/www.buero-moerath.de\/blog\/wp-content\/uploads\/2022\/08\/Blogga\u0308steFlur-768x1064.jpg 768w, https:\/\/www.buero-moerath.de\/blog\/wp-content\/uploads\/2022\/08\/Blogga\u0308steFlur.jpg 921w\" sizes=\"(max-width: 429px) 100vw, 429px\" \/><figcaption id=\"caption-attachment-105272\" class=\"wp-caption-text\">Viele G\u00e4ste \u00fcbernachten in den n\u00e4chsten beiden N\u00e4chten im Geh\u00f6ft. Ich sch\u00e4tze, es waren um die 50 Menschen oder mehr. Es k\u00f6nnten \u00fcber 500 Menschen die Beerdigung besucht haben.<\/figcaption><\/figure>\n<p>&nbsp;<\/p>\n<p>Kaum geht die Sonne am n\u00e4chsten Morgen auf, versammelen sich erneut alle Trauerg\u00e4ste im Hof und gehen wieder zu beiden Toten, um sie zu ehren, zu trauern und sie zu verabschieden. Drau\u00dfen auf dem Feld wird mit viel Liebe zum Detail ein Zelt aufgebaut und geschm\u00fcckt, wo Pigr und Gaapagr ab mittags hinein gesetzt werden. Um sie herum wird ihr Hab und Gut drapiert: Koffer, T\u00f6pfe, Stoffe f\u00fcr Pigr. Gapaagr hatte u.a. einen Pfeil und Bogen. Neben dem Zelt legen die G\u00e4ste Opfergaben f\u00fcr die Familie der Toten ab. H\u00fchner und Ziegen werden angebunden, Hirse- und Maisb\u00fcndel abgelegt. Die Portraits, die ich von Pigr, Kuuyuour 1989 und von Ponyang und Gapaagr 2019 gemacht hatte, sind vor ihnen aufgestellt. Das ber\u00fchrt mich sehr.<\/p>\n<p>&nbsp;<\/p>\n<figure id=\"attachment_105296\" aria-describedby=\"caption-attachment-105296\" style=\"width: 592px\" class=\"wp-caption aligncenter\"><img decoding=\"async\" class=\" wp-image-105296\" src=\"https:\/\/www.buero-moerath.de\/blog\/wp-content\/uploads\/2022\/08\/BlogZeltmontage2-800x577.jpg\" alt=\"Ein Zelt wird auf dem Feld f\u00fcr die beiden Toten aufgestellt und geschm\u00fcckt. Hier werden sie zwei Tage bleiben.\" width=\"592\" height=\"427\" srcset=\"https:\/\/www.buero-moerath.de\/blog\/wp-content\/uploads\/2022\/08\/BlogZeltmontage2-800x577.jpg 800w, https:\/\/www.buero-moerath.de\/blog\/wp-content\/uploads\/2022\/08\/BlogZeltmontage2-1024x739.jpg 1024w, https:\/\/www.buero-moerath.de\/blog\/wp-content\/uploads\/2022\/08\/BlogZeltmontage2-768x554.jpg 768w, https:\/\/www.buero-moerath.de\/blog\/wp-content\/uploads\/2022\/08\/BlogZeltmontage2.jpg 1276w\" sizes=\"(max-width: 592px) 100vw, 592px\" \/><figcaption id=\"caption-attachment-105296\" class=\"wp-caption-text\">Ein Zelt wird auf dem Feld f\u00fcr die beiden Toten aufgestellt und geschm\u00fcckt. Hier werden sie zwei Tage bleiben.<\/figcaption><\/figure>\n<p>&nbsp;<\/p>\n<p><img decoding=\"async\" class=\"wp-image-105302 aligncenter\" src=\"https:\/\/www.buero-moerath.de\/blog\/wp-content\/uploads\/2022\/08\/totezelt-800x600.jpg\" alt=\"\" width=\"595\" height=\"446\" srcset=\"https:\/\/www.buero-moerath.de\/blog\/wp-content\/uploads\/2022\/08\/totezelt-800x600.jpg 800w, https:\/\/www.buero-moerath.de\/blog\/wp-content\/uploads\/2022\/08\/totezelt-1024x768.jpg 1024w, https:\/\/www.buero-moerath.de\/blog\/wp-content\/uploads\/2022\/08\/totezelt-768x576.jpg 768w, https:\/\/www.buero-moerath.de\/blog\/wp-content\/uploads\/2022\/08\/totezelt.jpg 1276w\" sizes=\"(max-width: 595px) 100vw, 595px\" \/><\/p>\n<p>&nbsp;<\/p>\n<figure id=\"attachment_105316\" aria-describedby=\"caption-attachment-105316\" style=\"width: 595px\" class=\"wp-caption aligncenter\"><img decoding=\"async\" class=\" wp-image-105316\" src=\"https:\/\/www.buero-moerath.de\/blog\/wp-content\/uploads\/2022\/08\/Blog13x18BewirtungmitAlo-800x535.jpg\" alt=\"Die G\u00e4ste aus der Stadt werden im Haus verk\u00f6stigt\" width=\"595\" height=\"398\" srcset=\"https:\/\/www.buero-moerath.de\/blog\/wp-content\/uploads\/2022\/08\/Blog13x18BewirtungmitAlo-800x535.jpg 800w, https:\/\/www.buero-moerath.de\/blog\/wp-content\/uploads\/2022\/08\/Blog13x18BewirtungmitAlo-1024x685.jpg 1024w, https:\/\/www.buero-moerath.de\/blog\/wp-content\/uploads\/2022\/08\/Blog13x18BewirtungmitAlo-768x514.jpg 768w, https:\/\/www.buero-moerath.de\/blog\/wp-content\/uploads\/2022\/08\/Blog13x18BewirtungmitAlo-1536x1027.jpg 1536w, https:\/\/www.buero-moerath.de\/blog\/wp-content\/uploads\/2022\/08\/Blog13x18BewirtungmitAlo-2048x1370.jpg 2048w, https:\/\/www.buero-moerath.de\/blog\/wp-content\/uploads\/2022\/08\/Blog13x18BewirtungmitAlo.jpg 2126w\" sizes=\"(max-width: 595px) 100vw, 595px\" \/><figcaption id=\"caption-attachment-105316\" class=\"wp-caption-text\">Die G\u00e4ste aus der Stadt werden im Haus verk\u00f6stigt.<\/figcaption><\/figure>\n<p>&nbsp;<\/p>\n<figure id=\"attachment_105258\" aria-describedby=\"caption-attachment-105258\" style=\"width: 595px\" class=\"wp-caption aligncenter\"><img decoding=\"async\" class=\" wp-image-105258\" src=\"https:\/\/www.buero-moerath.de\/blog\/wp-content\/uploads\/2022\/08\/BlogFrauenBeiJanet-800x600.jpg\" alt=\"Einige Frauen ruhen sich im Haus von Janet und Zumeh aus. Sie bekommen wie alle G\u00e4ste Hirsebier angeboten.\" width=\"595\" height=\"446\" srcset=\"https:\/\/www.buero-moerath.de\/blog\/wp-content\/uploads\/2022\/08\/BlogFrauenBeiJanet-800x600.jpg 800w, https:\/\/www.buero-moerath.de\/blog\/wp-content\/uploads\/2022\/08\/BlogFrauenBeiJanet-1024x768.jpg 1024w, https:\/\/www.buero-moerath.de\/blog\/wp-content\/uploads\/2022\/08\/BlogFrauenBeiJanet-768x576.jpg 768w, https:\/\/www.buero-moerath.de\/blog\/wp-content\/uploads\/2022\/08\/BlogFrauenBeiJanet.jpg 1276w\" sizes=\"(max-width: 595px) 100vw, 595px\" \/><figcaption id=\"caption-attachment-105258\" class=\"wp-caption-text\">Einige Frauen ruhen sich im Haus von Janet und Zumeh aus. Sie bekommen wie alle G\u00e4ste Hirsebier angeboten.<\/figcaption><\/figure>\n<p>&nbsp;<\/p>\n<figure id=\"attachment_105278\" aria-describedby=\"caption-attachment-105278\" style=\"width: 595px\" class=\"wp-caption aligncenter\"><img decoding=\"async\" class=\" wp-image-105278\" src=\"https:\/\/www.buero-moerath.de\/blog\/wp-content\/uploads\/2022\/08\/BlogMa\u0308nnerGa\u0308ste2-800x600.jpg\" alt=\"Am n\u00e4chsten Morgen sitzen schon die ersten wieder nahe am Geh\u00f6ft. Hier wird Alkohol verkauft, ein \u00fcbliche Szene auf Beerdigungen.\" width=\"595\" height=\"446\" srcset=\"https:\/\/www.buero-moerath.de\/blog\/wp-content\/uploads\/2022\/08\/BlogMa\u0308nnerGa\u0308ste2-800x600.jpg 800w, https:\/\/www.buero-moerath.de\/blog\/wp-content\/uploads\/2022\/08\/BlogMa\u0308nnerGa\u0308ste2-1024x768.jpg 1024w, https:\/\/www.buero-moerath.de\/blog\/wp-content\/uploads\/2022\/08\/BlogMa\u0308nnerGa\u0308ste2-768x576.jpg 768w, https:\/\/www.buero-moerath.de\/blog\/wp-content\/uploads\/2022\/08\/BlogMa\u0308nnerGa\u0308ste2.jpg 1276w\" sizes=\"(max-width: 595px) 100vw, 595px\" \/><figcaption id=\"caption-attachment-105278\" class=\"wp-caption-text\">Am n\u00e4chsten Morgen sitzen die letzten und die ersten wieder auf dem Feld. Hier wird Alkohol verkauft, ein \u00fcbliche Szene auf Beerdigungen.<\/figcaption><\/figure>\n<p>Immer wieder kommen viele G\u00e4ste am n\u00e4chsten Tag, einzeln oder in Gruppen, andere gehen wieder. Es wird ab mittags getanzt bis zum Sonnenuntergang. Und erst am dritten Tag werden die Toten bestattet.Die Enkelkinder und alle Frauen ehren Pigr, sie &#8222;zertanzen&#8220; regelrecht f\u00fcr sie eine Strohmatte. Die M\u00e4nner legen Pigr schlie\u00dflich in ihr Grab, gemeinsam mit Kuuyuors \u00dcberresten. Wieder wird getanzt und gesungen. Bis zum n\u00e4chsten morgen. Bis alle v\u00f6llig ersch\u00f6pft sind. Bis alle G\u00e4ste nach Hause gehen.<br \/>\nErst langsam kehrt Ruhe ein.<\/p>\n<p>&nbsp;<\/p>\n<figure id=\"attachment_105322\" aria-describedby=\"caption-attachment-105322\" style=\"width: 595px\" class=\"wp-caption aligncenter\"><img decoding=\"async\" class=\" wp-image-105322\" src=\"https:\/\/www.buero-moerath.de\/blog\/wp-content\/uploads\/2022\/08\/Bo\u0308ogA4GeierMorgens-800x577.jpg\" alt=\"Fr\u00fch morgens bleiben nur noch die Geier am Hof\" width=\"595\" height=\"429\" srcset=\"https:\/\/www.buero-moerath.de\/blog\/wp-content\/uploads\/2022\/08\/Bo\u0308ogA4GeierMorgens-800x577.jpg 800w, https:\/\/www.buero-moerath.de\/blog\/wp-content\/uploads\/2022\/08\/Bo\u0308ogA4GeierMorgens-1024x739.jpg 1024w, https:\/\/www.buero-moerath.de\/blog\/wp-content\/uploads\/2022\/08\/Bo\u0308ogA4GeierMorgens-768x554.jpg 768w, https:\/\/www.buero-moerath.de\/blog\/wp-content\/uploads\/2022\/08\/Bo\u0308ogA4GeierMorgens.jpg 1276w\" sizes=\"(max-width: 595px) 100vw, 595px\" \/><figcaption id=\"caption-attachment-105322\" class=\"wp-caption-text\">Fr\u00fch morgens sind die Geier die letzten, die nach und nach wegfliegen.<\/figcaption><\/figure>\n<p>F\u00fcr die Ausstellung <a href=\"http:\/\/www.fotografie-in.berlin\/tag\/verena-morath\/\">REMEMBER<\/a>, die am 2. September er\u00f6ffnet wird, ist ein 50 min\u00fctiger Dokumentarfime entstanden, der in k\u00fcrzerer Form bald auch hier zu sehen sein wird.<\/p>\n<p>&nbsp;<\/p>\n","protected":false},"excerpt":{"rendered":"<p>Die Beerdigung dauerte drei Tage an. Die Vorbereitungen liefen schon ein halbes Jahr.<\/p>\n","protected":false},"author":1,"featured_media":105320,"comment_status":"open","ping_status":"open","sticky":false,"template":"","format":"standard","meta":{"footnotes":""},"categories":[74],"tags":[],"class_list":["post-105324","post","type-post","status-publish","format-standard","has-post-thumbnail","hentry","category-beerdigung"],"_links":{"self":[{"href":"https:\/\/www.buero-moerath.de\/blog\/wp-json\/wp\/v2\/posts\/105324","targetHints":{"allow":["GET"]}}],"collection":[{"href":"https:\/\/www.buero-moerath.de\/blog\/wp-json\/wp\/v2\/posts"}],"about":[{"href":"https:\/\/www.buero-moerath.de\/blog\/wp-json\/wp\/v2\/types\/post"}],"author":[{"embeddable":true,"href":"https:\/\/www.buero-moerath.de\/blog\/wp-json\/wp\/v2\/users\/1"}],"replies":[{"embeddable":true,"href":"https:\/\/www.buero-moerath.de\/blog\/wp-json\/wp\/v2\/comments?post=105324"}],"version-history":[{"count":7,"href":"https:\/\/www.buero-moerath.de\/blog\/wp-json\/wp\/v2\/posts\/105324\/revisions"}],"predecessor-version":[{"id":105362,"href":"https:\/\/www.buero-moerath.de\/blog\/wp-json\/wp\/v2\/posts\/105324\/revisions\/105362"}],"wp:featuredmedia":[{"embeddable":true,"href":"https:\/\/www.buero-moerath.de\/blog\/wp-json\/wp\/v2\/media\/105320"}],"wp:attachment":[{"href":"https:\/\/www.buero-moerath.de\/blog\/wp-json\/wp\/v2\/media?parent=105324"}],"wp:term":[{"taxonomy":"category","embeddable":true,"href":"https:\/\/www.buero-moerath.de\/blog\/wp-json\/wp\/v2\/categories?post=105324"},{"taxonomy":"post_tag","embeddable":true,"href":"https:\/\/www.buero-moerath.de\/blog\/wp-json\/wp\/v2\/tags?post=105324"}],"curies":[{"name":"wp","href":"https:\/\/api.w.org\/{rel}","templated":true}]}}